{"id":2433,"date":"2026-03-10T19:26:03","date_gmt":"2026-03-10T19:26:03","guid":{"rendered":"https:\/\/ecocentral.cat\/?p=2433"},"modified":"2026-03-15T08:10:39","modified_gmt":"2026-03-15T08:10:39","slug":"2433-2","status":"publish","type":"post","link":"https:\/\/ecocentral.cat\/es_es\/2433-2\/","title":{"rendered":"Entrevista en Alejandro Guzm\u00e1n \u2013 Radio Molins de Rei"},"content":{"rendered":"<div class=\"wp-block-uagb-container uagb-block-874ffcd3 alignfull uagb-is-root-container\">\n<div class=\"wp-block-uagb-container uag-blocks-common-selector uagb-block-0400b19f\">\n<div class=\"wp-block-uagb-advanced-heading uagb-block-a1d9431c\"><h1 class=\"uagb-heading-text\"><strong>RADIO MOLINOS DE REY<\/strong><\/h1><\/div>\n\n\n\n<div class=\"wp-block-uagb-advanced-heading uagb-block-a3e34c4f\"><p class=\"uagb-heading-text\">Entrevista en<br>Alejandro Guzman<\/p><\/div>\n\n\n\n<div class=\"wp-block-uagb-container uagb-layout-flex uagb-block-10dfce62\">\n<div class=\"wp-block-uagb-advanced-heading uagb-block-49272e4d\"><p class=\"uagb-heading-text\">\u00abCuando dec\u00edamos de llevar comida ecol\u00f3gica a las escuelas re\u00edan de nosotros\u00bb<\/p><\/div>\n\n\n\n<div class=\"wp-block-uagb-advanced-heading uagb-block-48c42929\"><h2 class=\"uagb-heading-text\">Septiembre de 2018<\/h2><\/div>\n<\/div>\n<\/div>\n<\/div>\n\n\n\n<div class=\"wp-block-uagb-container uagb-block-681d4a16 alignfull uagb-is-root-container\"><div class=\"uagb-container-inner-blocks-wrap\">\n<iframe loading=\"lazy\" src=\"https:\/\/www.facebook.com\/plugins\/video.php?height=314&#038;href=https%3A%2F%2Fwww.facebook.com%2Fecocentral.eco%2Fvideos%2F973359142846738%2F&#038;show_text=false&#038;width=560&#038;t=0\" width=\"100%\" height=\"700\" style=\"border:none;overflow:hidden\" scrolling=\"no\" frameborder=\"0\" allowfullscreen=\"true\" allow=\"autoplay; clipboard-write; encrypted-media; picture-in-picture; web-share\"><\/iframe>\n<\/div><\/div>","protected":false},"excerpt":{"rendered":"<p>\u201cCuando dec\u00edamos de llevar comida ecol\u00f3gica a las escuelas se re\u00edan de nosotros.\u201d<\/p>","protected":false},"author":1,"featured_media":2436,"comment_status":"closed","ping_status":"closed","sticky":false,"template":"","format":"standard","meta":{"_uag_custom_page_level_css":"","site-sidebar-layout":"default","site-content-layout":"","ast-site-content-layout":"default","site-content-style":"unboxed","site-sidebar-style":"default","ast-global-header-display":"","ast-banner-title-visibility":"","ast-main-header-display":"","ast-hfb-above-header-display":"","ast-hfb-below-header-display":"","ast-hfb-mobile-header-display":"","site-post-title":"","ast-breadcrumbs-content":"","ast-featured-img":"","footer-sml-layout":"","ast-disable-related-posts":"","theme-transparent-header-meta":"","adv-header-id-meta":"","stick-header-meta":"","header-above-stick-meta":"","header-main-stick-meta":"","header-below-stick-meta":"","astra-migrate-meta-layouts":"default","ast-page-background-enabled":"default","ast-page-background-meta":{"desktop":{"background-color":"var(--ast-global-color-5)","background-image":"","background-repeat":"repeat","background-position":"center center","background-size":"auto","background-attachment":"scroll","background-type":"","background-media":"","overlay-type":"","overlay-color":"","overlay-opacity":"","overlay-gradient":""},"tablet":{"background-color":"","background-image":"","background-repeat":"repeat","background-position":"center center","background-size":"auto","background-attachment":"scroll","background-type":"","background-media":"","overlay-type":"","overlay-color":"","overlay-opacity":"","overlay-gradient":""},"mobile":{"background-color":"","background-image":"","background-repeat":"repeat","background-position":"center center","background-size":"auto","background-attachment":"scroll","background-type":"","background-media":"","overlay-type":"","overlay-color":"","overlay-opacity":"","overlay-gradient":""}},"ast-content-background-meta":{"desktop":{"background-color":"var(--ast-global-color-4)","background-image":"","background-repeat":"repeat","background-position":"center center","background-size":"auto","background-attachment":"scroll","background-type":"","background-media":"","overlay-type":"","overlay-color":"","overlay-opacity":"","overlay-gradient":""},"tablet":{"background-color":"var(--ast-global-color-4)","background-image":"","background-repeat":"repeat","background-position":"center center","background-size":"auto","background-attachment":"scroll","background-type":"","background-media":"","overlay-type":"","overlay-color":"","overlay-opacity":"","overlay-gradient":""},"mobile":{"background-color":"var(--ast-global-color-4)","background-image":"","background-repeat":"repeat","background-position":"center center","background-size":"auto","background-attachment":"scroll","background-type":"","background-media":"","overlay-type":"","overlay-color":"","overlay-opacity":"","overlay-gradient":""}},"footnotes":""},"categories":[6],"tags":[],"class_list":["post-2433","post","type-post","status-publish","format-standard","has-post-thumbnail","hentry","category-noticies"],"uagb_featured_image_src":{"full":["https:\/\/ecocentral.cat\/wp-content\/uploads\/2026\/03\/entrevista-alejandro.jpg",778,552,false],"thumbnail":["https:\/\/ecocentral.cat\/wp-content\/uploads\/2026\/03\/entrevista-alejandro-150x150.jpg",150,150,true],"medium":["https:\/\/ecocentral.cat\/wp-content\/uploads\/2026\/03\/entrevista-alejandro-300x213.jpg",300,213,true],"medium_large":["https:\/\/ecocentral.cat\/wp-content\/uploads\/2026\/03\/entrevista-alejandro-768x545.jpg",768,545,true],"large":["https:\/\/ecocentral.cat\/wp-content\/uploads\/2026\/03\/entrevista-alejandro.jpg",778,552,false],"1536x1536":["https:\/\/ecocentral.cat\/wp-content\/uploads\/2026\/03\/entrevista-alejandro.jpg",778,552,false],"2048x2048":["https:\/\/ecocentral.cat\/wp-content\/uploads\/2026\/03\/entrevista-alejandro.jpg",778,552,false],"trp-custom-language-flag":["https:\/\/ecocentral.cat\/wp-content\/uploads\/2026\/03\/entrevista-alejandro-18x12.jpg",18,12,true]},"uagb_author_info":{"display_name":"orioricm@gmail.com","author_link":"https:\/\/ecocentral.cat\/es_es\/author\/orioricmgmail-com\/"},"uagb_comment_info":0,"uagb_excerpt":"\"Quan d\u00e8iem de portar menjar ecol\u00f2gic a les escoles reien de nosaltres.\"","_links":{"self":[{"href":"https:\/\/ecocentral.cat\/es_es\/wp-json\/wp\/v2\/posts\/2433","targetHints":{"allow":["GET"]}}],"collection":[{"href":"https:\/\/ecocentral.cat\/es_es\/wp-json\/wp\/v2\/posts"}],"about":[{"href":"https:\/\/ecocentral.cat\/es_es\/wp-json\/wp\/v2\/types\/post"}],"author":[{"embeddable":true,"href":"https:\/\/ecocentral.cat\/es_es\/wp-json\/wp\/v2\/users\/1"}],"replies":[{"embeddable":true,"href":"https:\/\/ecocentral.cat\/es_es\/wp-json\/wp\/v2\/comments?post=2433"}],"version-history":[{"count":37,"href":"https:\/\/ecocentral.cat\/es_es\/wp-json\/wp\/v2\/posts\/2433\/revisions"}],"predecessor-version":[{"id":3788,"href":"https:\/\/ecocentral.cat\/es_es\/wp-json\/wp\/v2\/posts\/2433\/revisions\/3788"}],"wp:featuredmedia":[{"embeddable":true,"href":"https:\/\/ecocentral.cat\/es_es\/wp-json\/wp\/v2\/media\/2436"}],"wp:attachment":[{"href":"https:\/\/ecocentral.cat\/es_es\/wp-json\/wp\/v2\/media?parent=2433"}],"wp:term":[{"taxonomy":"category","embeddable":true,"href":"https:\/\/ecocentral.cat\/es_es\/wp-json\/wp\/v2\/categories?post=2433"},{"taxonomy":"post_tag","embeddable":true,"href":"https:\/\/ecocentral.cat\/es_es\/wp-json\/wp\/v2\/tags?post=2433"}],"curies":[{"name":"wp","href":"https:\/\/api.w.org\/{rel}","templated":true}]}}